{"id":58078,"date":"2011-11-03T00:00:00","date_gmt":"2011-11-02T23:00:00","guid":{"rendered":"https:\/\/709mediaroom.com\/modified-dates-for-the-davinci-resolve-color-correction-workshop\/"},"modified":"2025-05-05T19:46:34","modified_gmt":"2025-05-05T17:46:34","slug":"modified-dates-for-the-davinci-resolve-color-correction-workshop","status":"publish","type":"post","link":"https:\/\/709mediaroom.com\/en\/modified-dates-for-the-davinci-resolve-color-correction-workshop\/","title":{"rendered":"Modified dates for the DaVinci Resolve color correction workshop"},"content":{"rendered":"<p><a href=\"http:\/\/709mediaroom.files.wordpress.com\/2011\/07\/images-2.jpg\"><img loading=\"lazy\" decoding=\"async\" class=\"alignnone size-full wp-image-870\" title=\"resolve\" src=\"http:\/\/709mediaroom.files.wordpress.com\/2011\/07\/images-2.jpg\" alt=\"\" width=\"112\" height=\"112\"><\/a><\/p>\n<p>For family reasons our teacher Yoyi Molina will not be able to give this workshop on the dates it was initially scheduled. So we postpone this course that is having such a good reception to the weekend of December 10 and 11 (at the same time). <\/p>\n<p>We hope that this will not be too much trouble for those students who have already reserved a place and we remind you that there are still a few places available for those who are interested in signing up.<\/p>\n<p>You can see all the information about the workshop at the following <a title=\"DaVinci Resolve Mac Color Correction Workshop\" href=\"http:\/\/709mediaroom.wordpress.com\/2011\/09\/28\/workshop-de-davinci-resolve-mac\/\">link<\/a><\/p>\n","protected":false},"excerpt":{"rendered":"<p>For family reasons our teacher Yoyi Molina will not be able to give this workshop on the dates it was initially scheduled. So we postpone this course that is having such a good reception to the weekend of December 10 and 11 (at the same time). We hope that this will not be too much [&#8230;]\n","protected":false},"author":9376,"featured_media":0,"comment_status":"open","ping_status":"open","sticky":false,"template":"","format":"standard","meta":{"footnotes":""},"categories":[8686,6851],"tags":[6852,6853,6854,12190,6879,8908,6915,7329,6880,7287,7291,8688,7749,8117,7769,8237,8083,6889,8668,11014,10356,6891,8530,8187,11871],"class_list":["post-58078","post","type-post","status-publish","format-standard","hentry","category-courses","category-news","tag-709-media-room-en","tag-709-mediaroom-en","tag-709mediaroom-en","tag-apple-intermediate-en","tag-audiovisual-en","tag-cinema-en-2","tag-codec-en","tag-color-en","tag-color-correction-en","tag-color-grading-en","tag-colorist","tag-course","tag-da-vinci-en","tag-effects-en","tag-formats","tag-hd-en","tag-monitor-en","tag-professional","tag-resolve-en","tag-ressolve-en","tag-seminar","tag-video-en","tag-workshop-en-2","tag-workshop-en","tag-yoyi-molina-en"],"yoast_head":"<!-- This site is optimized with the Yoast SEO plugin v27.4 - https:\/\/yoast.com\/product\/yoast-seo-wordpress\/ -->\n<title>Modified dates for the DaVinci Resolve color correction workshop - 709 Media Room<\/title>\n<meta name=\"robots\" content=\"index, follow, max-snippet:-1, max-image-preview:large, max-video-preview:-1\" \/>\n<link rel=\"canonical\" href=\"https:\/\/709mediaroom.com\/en\/modified-dates-for-the-davinci-resolve-color-correction-workshop\/\" \/>\n<meta property=\"og:locale\" content=\"en_US\" \/>\n<meta property=\"og:type\" content=\"article\" \/>\n<meta property=\"og:title\" content=\"Modified dates for the DaVinci Resolve color correction workshop - 709 Media Room\" \/>\n<meta property=\"og:description\" content=\"For family reasons our teacher Yoyi Molina will not be able to give this workshop on the dates it was initially scheduled. So we postpone this course that is having such a good reception to the weekend of December 10 and 11 (at the same time). We hope that this will not be too much [...]\" \/>\n<meta property=\"og:url\" content=\"https:\/\/709mediaroom.com\/en\/modified-dates-for-the-davinci-resolve-color-correction-workshop\/\" \/>\n<meta property=\"og:site_name\" content=\"709 Media Room\" \/>\n<meta property=\"article:publisher\" content=\"https:\/\/www.facebook.com\/709mediaroom\" \/>\n<meta property=\"article:published_time\" content=\"2011-11-02T23:00:00+00:00\" \/>\n<meta property=\"article:modified_time\" content=\"2025-05-05T17:46:34+00:00\" \/>\n<meta property=\"og:image\" content=\"http:\/\/709mediaroom.files.wordpress.com\/2011\/07\/images-2.jpg\" \/>\n<meta name=\"author\" content=\"709 Media Room\" \/>\n<meta name=\"twitter:card\" content=\"summary_large_image\" \/>\n<meta name=\"twitter:creator\" content=\"@709MediaRoom\" \/>\n<meta name=\"twitter:site\" content=\"@709MediaRoom\" \/>\n<meta name=\"twitter:label1\" content=\"Written by\" \/>\n\t<meta name=\"twitter:data1\" content=\"709 Media Room\" \/>\n<script type=\"application\/ld+json\" class=\"yoast-schema-graph\">{\"@context\":\"https:\\\/\\\/schema.org\",\"@graph\":[{\"@type\":\"Article\",\"@id\":\"https:\\\/\\\/709mediaroom.com\\\/en\\\/modified-dates-for-the-davinci-resolve-color-correction-workshop\\\/#article\",\"isPartOf\":{\"@id\":\"https:\\\/\\\/709mediaroom.com\\\/en\\\/modified-dates-for-the-davinci-resolve-color-correction-workshop\\\/\"},\"author\":{\"name\":\"709 Media Room\",\"@id\":\"https:\\\/\\\/709mediaroom.com\\\/en\\\/#\\\/schema\\\/person\\\/c7a3e173e859769b48e2d1a7d1280a12\"},\"headline\":\"Modified dates for the DaVinci Resolve color correction workshop\",\"datePublished\":\"2011-11-02T23:00:00+00:00\",\"dateModified\":\"2025-05-05T17:46:34+00:00\",\"mainEntityOfPage\":{\"@id\":\"https:\\\/\\\/709mediaroom.com\\\/en\\\/modified-dates-for-the-davinci-resolve-color-correction-workshop\\\/\"},\"wordCount\":105,\"commentCount\":0,\"image\":{\"@id\":\"https:\\\/\\\/709mediaroom.com\\\/en\\\/modified-dates-for-the-davinci-resolve-color-correction-workshop\\\/#primaryimage\"},\"thumbnailUrl\":\"http:\\\/\\\/709mediaroom.files.wordpress.com\\\/2011\\\/07\\\/images-2.jpg\",\"keywords\":[\"709 Media Room\",\"709 Mediaroom\",\"709mediaroom\",\"apple intermediate\",\"audiovisual\",\"cinema\",\"codec\",\"color\",\"color correction\",\"color grading\",\"colorist\",\"course\",\"da vinci\",\"effects\",\"formats\",\"hd\",\"monitor\",\"professional\",\"resolve\",\"ressolve\",\"seminar\",\"Video\",\"workshop\",\"workshop\",\"yoyi molina\"],\"articleSection\":[\"Courses\",\"News\"],\"inLanguage\":\"en-US\",\"potentialAction\":[{\"@type\":\"CommentAction\",\"name\":\"Comment\",\"target\":[\"https:\\\/\\\/709mediaroom.com\\\/en\\\/modified-dates-for-the-davinci-resolve-color-correction-workshop\\\/#respond\"]}]},{\"@type\":\"WebPage\",\"@id\":\"https:\\\/\\\/709mediaroom.com\\\/en\\\/modified-dates-for-the-davinci-resolve-color-correction-workshop\\\/\",\"url\":\"https:\\\/\\\/709mediaroom.com\\\/en\\\/modified-dates-for-the-davinci-resolve-color-correction-workshop\\\/\",\"name\":\"Modified dates for the DaVinci Resolve color correction workshop - 709 Media Room\",\"isPartOf\":{\"@id\":\"https:\\\/\\\/709mediaroom.com\\\/en\\\/#website\"},\"primaryImageOfPage\":{\"@id\":\"https:\\\/\\\/709mediaroom.com\\\/en\\\/modified-dates-for-the-davinci-resolve-color-correction-workshop\\\/#primaryimage\"},\"image\":{\"@id\":\"https:\\\/\\\/709mediaroom.com\\\/en\\\/modified-dates-for-the-davinci-resolve-color-correction-workshop\\\/#primaryimage\"},\"thumbnailUrl\":\"http:\\\/\\\/709mediaroom.files.wordpress.com\\\/2011\\\/07\\\/images-2.jpg\",\"datePublished\":\"2011-11-02T23:00:00+00:00\",\"dateModified\":\"2025-05-05T17:46:34+00:00\",\"author\":{\"@id\":\"https:\\\/\\\/709mediaroom.com\\\/en\\\/#\\\/schema\\\/person\\\/c7a3e173e859769b48e2d1a7d1280a12\"},\"breadcrumb\":{\"@id\":\"https:\\\/\\\/709mediaroom.com\\\/en\\\/modified-dates-for-the-davinci-resolve-color-correction-workshop\\\/#breadcrumb\"},\"inLanguage\":\"en-US\",\"potentialAction\":[{\"@type\":\"ReadAction\",\"target\":[\"https:\\\/\\\/709mediaroom.com\\\/en\\\/modified-dates-for-the-davinci-resolve-color-correction-workshop\\\/\"]}]},{\"@type\":\"ImageObject\",\"inLanguage\":\"en-US\",\"@id\":\"https:\\\/\\\/709mediaroom.com\\\/en\\\/modified-dates-for-the-davinci-resolve-color-correction-workshop\\\/#primaryimage\",\"url\":\"http:\\\/\\\/709mediaroom.files.wordpress.com\\\/2011\\\/07\\\/images-2.jpg\",\"contentUrl\":\"http:\\\/\\\/709mediaroom.files.wordpress.com\\\/2011\\\/07\\\/images-2.jpg\"},{\"@type\":\"BreadcrumbList\",\"@id\":\"https:\\\/\\\/709mediaroom.com\\\/en\\\/modified-dates-for-the-davinci-resolve-color-correction-workshop\\\/#breadcrumb\",\"itemListElement\":[{\"@type\":\"ListItem\",\"position\":1,\"name\":\"Portada\",\"item\":\"https:\\\/\\\/709mediaroom.com\\\/en\\\/\"},{\"@type\":\"ListItem\",\"position\":2,\"name\":\"Modified dates for the DaVinci Resolve color correction workshop\"}]},{\"@type\":\"WebSite\",\"@id\":\"https:\\\/\\\/709mediaroom.com\\\/en\\\/#website\",\"url\":\"https:\\\/\\\/709mediaroom.com\\\/en\\\/\",\"name\":\"709 Media Room\",\"description\":\"Formaci\u00f3n Audiovisual Profesional\",\"potentialAction\":[{\"@type\":\"SearchAction\",\"target\":{\"@type\":\"EntryPoint\",\"urlTemplate\":\"https:\\\/\\\/709mediaroom.com\\\/en\\\/?s={search_term_string}\"},\"query-input\":{\"@type\":\"PropertyValueSpecification\",\"valueRequired\":true,\"valueName\":\"search_term_string\"}}],\"inLanguage\":\"en-US\"},{\"@type\":\"Person\",\"@id\":\"https:\\\/\\\/709mediaroom.com\\\/en\\\/#\\\/schema\\\/person\\\/c7a3e173e859769b48e2d1a7d1280a12\",\"name\":\"709 Media Room\",\"image\":{\"@type\":\"ImageObject\",\"inLanguage\":\"en-US\",\"@id\":\"https:\\\/\\\/secure.gravatar.com\\\/avatar\\\/23bf6f30932d90280bfaff76d8da648b39ef0a6904484490de953367d7c218c9?s=96&d=mm&r=g\",\"url\":\"https:\\\/\\\/secure.gravatar.com\\\/avatar\\\/23bf6f30932d90280bfaff76d8da648b39ef0a6904484490de953367d7c218c9?s=96&d=mm&r=g\",\"contentUrl\":\"https:\\\/\\\/secure.gravatar.com\\\/avatar\\\/23bf6f30932d90280bfaff76d8da648b39ef0a6904484490de953367d7c218c9?s=96&d=mm&r=g\",\"caption\":\"709 Media Room\"},\"description\":\"709 Media Room es un proyecto dedicado a la formaci\u00f3n audiovisual especializada de alto nivel en habla hispana. Impartimos cursos de c\u00e1maras de cine digital (Sony F65 o Arri Alexa XT entre otras), digital imaging technician (DIT), iluminaci\u00f3n especializada, \u00f3pticas de cine, SGO Mistika, etalonaje y correcci\u00f3n de color avanzados, dise\u00f1o de flujo de trabajo, DaVinci Resolve, creaci\u00f3n de DCP, calibraci\u00f3n de monitores y muchas otras materias, siendo pioneros en Espa\u00f1a en muchas de ellas.\",\"url\":\"https:\\\/\\\/709mediaroom.com\\\/en\\\/author\\\/lasaladeluis\\\/\"}]}<\/script>\n<!-- \/ Yoast SEO plugin. -->","yoast_head_json":{"title":"Modified dates for the DaVinci Resolve color correction workshop - 709 Media Room","robots":{"index":"index","follow":"follow","max-snippet":"max-snippet:-1","max-image-preview":"max-image-preview:large","max-video-preview":"max-video-preview:-1"},"canonical":"https:\/\/709mediaroom.com\/en\/modified-dates-for-the-davinci-resolve-color-correction-workshop\/","og_locale":"en_US","og_type":"article","og_title":"Modified dates for the DaVinci Resolve color correction workshop - 709 Media Room","og_description":"For family reasons our teacher Yoyi Molina will not be able to give this workshop on the dates it was initially scheduled. So we postpone this course that is having such a good reception to the weekend of December 10 and 11 (at the same time). We hope that this will not be too much [...]","og_url":"https:\/\/709mediaroom.com\/en\/modified-dates-for-the-davinci-resolve-color-correction-workshop\/","og_site_name":"709 Media Room","article_publisher":"https:\/\/www.facebook.com\/709mediaroom","article_published_time":"2011-11-02T23:00:00+00:00","article_modified_time":"2025-05-05T17:46:34+00:00","og_image":[{"url":"http:\/\/709mediaroom.files.wordpress.com\/2011\/07\/images-2.jpg","type":"","width":"","height":""}],"author":"709 Media Room","twitter_card":"summary_large_image","twitter_creator":"@709MediaRoom","twitter_site":"@709MediaRoom","twitter_misc":{"Written by":"709 Media Room"},"schema":{"@context":"https:\/\/schema.org","@graph":[{"@type":"Article","@id":"https:\/\/709mediaroom.com\/en\/modified-dates-for-the-davinci-resolve-color-correction-workshop\/#article","isPartOf":{"@id":"https:\/\/709mediaroom.com\/en\/modified-dates-for-the-davinci-resolve-color-correction-workshop\/"},"author":{"name":"709 Media Room","@id":"https:\/\/709mediaroom.com\/en\/#\/schema\/person\/c7a3e173e859769b48e2d1a7d1280a12"},"headline":"Modified dates for the DaVinci Resolve color correction workshop","datePublished":"2011-11-02T23:00:00+00:00","dateModified":"2025-05-05T17:46:34+00:00","mainEntityOfPage":{"@id":"https:\/\/709mediaroom.com\/en\/modified-dates-for-the-davinci-resolve-color-correction-workshop\/"},"wordCount":105,"commentCount":0,"image":{"@id":"https:\/\/709mediaroom.com\/en\/modified-dates-for-the-davinci-resolve-color-correction-workshop\/#primaryimage"},"thumbnailUrl":"http:\/\/709mediaroom.files.wordpress.com\/2011\/07\/images-2.jpg","keywords":["709 Media Room","709 Mediaroom","709mediaroom","apple intermediate","audiovisual","cinema","codec","color","color correction","color grading","colorist","course","da vinci","effects","formats","hd","monitor","professional","resolve","ressolve","seminar","Video","workshop","workshop","yoyi molina"],"articleSection":["Courses","News"],"inLanguage":"en-US","potentialAction":[{"@type":"CommentAction","name":"Comment","target":["https:\/\/709mediaroom.com\/en\/modified-dates-for-the-davinci-resolve-color-correction-workshop\/#respond"]}]},{"@type":"WebPage","@id":"https:\/\/709mediaroom.com\/en\/modified-dates-for-the-davinci-resolve-color-correction-workshop\/","url":"https:\/\/709mediaroom.com\/en\/modified-dates-for-the-davinci-resolve-color-correction-workshop\/","name":"Modified dates for the DaVinci Resolve color correction workshop - 709 Media Room","isPartOf":{"@id":"https:\/\/709mediaroom.com\/en\/#website"},"primaryImageOfPage":{"@id":"https:\/\/709mediaroom.com\/en\/modified-dates-for-the-davinci-resolve-color-correction-workshop\/#primaryimage"},"image":{"@id":"https:\/\/709mediaroom.com\/en\/modified-dates-for-the-davinci-resolve-color-correction-workshop\/#primaryimage"},"thumbnailUrl":"http:\/\/709mediaroom.files.wordpress.com\/2011\/07\/images-2.jpg","datePublished":"2011-11-02T23:00:00+00:00","dateModified":"2025-05-05T17:46:34+00:00","author":{"@id":"https:\/\/709mediaroom.com\/en\/#\/schema\/person\/c7a3e173e859769b48e2d1a7d1280a12"},"breadcrumb":{"@id":"https:\/\/709mediaroom.com\/en\/modified-dates-for-the-davinci-resolve-color-correction-workshop\/#breadcrumb"},"inLanguage":"en-US","potentialAction":[{"@type":"ReadAction","target":["https:\/\/709mediaroom.com\/en\/modified-dates-for-the-davinci-resolve-color-correction-workshop\/"]}]},{"@type":"ImageObject","inLanguage":"en-US","@id":"https:\/\/709mediaroom.com\/en\/modified-dates-for-the-davinci-resolve-color-correction-workshop\/#primaryimage","url":"http:\/\/709mediaroom.files.wordpress.com\/2011\/07\/images-2.jpg","contentUrl":"http:\/\/709mediaroom.files.wordpress.com\/2011\/07\/images-2.jpg"},{"@type":"BreadcrumbList","@id":"https:\/\/709mediaroom.com\/en\/modified-dates-for-the-davinci-resolve-color-correction-workshop\/#breadcrumb","itemListElement":[{"@type":"ListItem","position":1,"name":"Portada","item":"https:\/\/709mediaroom.com\/en\/"},{"@type":"ListItem","position":2,"name":"Modified dates for the DaVinci Resolve color correction workshop"}]},{"@type":"WebSite","@id":"https:\/\/709mediaroom.com\/en\/#website","url":"https:\/\/709mediaroom.com\/en\/","name":"709 Media Room","description":"Formaci\u00f3n Audiovisual Profesional","potentialAction":[{"@type":"SearchAction","target":{"@type":"EntryPoint","urlTemplate":"https:\/\/709mediaroom.com\/en\/?s={search_term_string}"},"query-input":{"@type":"PropertyValueSpecification","valueRequired":true,"valueName":"search_term_string"}}],"inLanguage":"en-US"},{"@type":"Person","@id":"https:\/\/709mediaroom.com\/en\/#\/schema\/person\/c7a3e173e859769b48e2d1a7d1280a12","name":"709 Media Room","image":{"@type":"ImageObject","inLanguage":"en-US","@id":"https:\/\/secure.gravatar.com\/avatar\/23bf6f30932d90280bfaff76d8da648b39ef0a6904484490de953367d7c218c9?s=96&d=mm&r=g","url":"https:\/\/secure.gravatar.com\/avatar\/23bf6f30932d90280bfaff76d8da648b39ef0a6904484490de953367d7c218c9?s=96&d=mm&r=g","contentUrl":"https:\/\/secure.gravatar.com\/avatar\/23bf6f30932d90280bfaff76d8da648b39ef0a6904484490de953367d7c218c9?s=96&d=mm&r=g","caption":"709 Media Room"},"description":"709 Media Room es un proyecto dedicado a la formaci\u00f3n audiovisual especializada de alto nivel en habla hispana. Impartimos cursos de c\u00e1maras de cine digital (Sony F65 o Arri Alexa XT entre otras), digital imaging technician (DIT), iluminaci\u00f3n especializada, \u00f3pticas de cine, SGO Mistika, etalonaje y correcci\u00f3n de color avanzados, dise\u00f1o de flujo de trabajo, DaVinci Resolve, creaci\u00f3n de DCP, calibraci\u00f3n de monitores y muchas otras materias, siendo pioneros en Espa\u00f1a en muchas de ellas.","url":"https:\/\/709mediaroom.com\/en\/author\/lasaladeluis\/"}]}},"_links":{"self":[{"href":"https:\/\/709mediaroom.com\/en\/wp-json\/wp\/v2\/posts\/58078","targetHints":{"allow":["GET"]}}],"collection":[{"href":"https:\/\/709mediaroom.com\/en\/wp-json\/wp\/v2\/posts"}],"about":[{"href":"https:\/\/709mediaroom.com\/en\/wp-json\/wp\/v2\/types\/post"}],"author":[{"embeddable":true,"href":"https:\/\/709mediaroom.com\/en\/wp-json\/wp\/v2\/users\/9376"}],"replies":[{"embeddable":true,"href":"https:\/\/709mediaroom.com\/en\/wp-json\/wp\/v2\/comments?post=58078"}],"version-history":[{"count":0,"href":"https:\/\/709mediaroom.com\/en\/wp-json\/wp\/v2\/posts\/58078\/revisions"}],"wp:attachment":[{"href":"https:\/\/709mediaroom.com\/en\/wp-json\/wp\/v2\/media?parent=58078"}],"wp:term":[{"taxonomy":"category","embeddable":true,"href":"https:\/\/709mediaroom.com\/en\/wp-json\/wp\/v2\/categories?post=58078"},{"taxonomy":"post_tag","embeddable":true,"href":"https:\/\/709mediaroom.com\/en\/wp-json\/wp\/v2\/tags?post=58078"}],"curies":[{"name":"wp","href":"https:\/\/api.w.org\/{rel}","templated":true}]}}