{"id":58424,"date":"2011-04-15T00:00:00","date_gmt":"2011-04-14T22:00:00","guid":{"rendered":"https:\/\/709mediaroom.com\/elena-ferrandiz-wins-the-raffle-709-media-room-cortate\/"},"modified":"2025-05-05T19:56:40","modified_gmt":"2025-05-05T17:56:40","slug":"elena-ferrandiz-wins-the-raffle-709-media-room-cortate","status":"publish","type":"post","link":"https:\/\/709mediaroom.com\/en\/elena-ferrandiz-wins-the-raffle-709-media-room-cortate\/","title":{"rendered":"Elena Ferr\u00e1ndiz wins the raffle 709 Media Room + \u00a1C\u00f3rtate!"},"content":{"rendered":"<p><a href=\"http:\/\/709mediaroom.files.wordpress.com\/2011\/04\/709mascortate.jpg\"><img loading=\"lazy\" decoding=\"async\" class=\"aligncenter size-full wp-image-379\" title=\"709 Media Room + Cut yourself!\" src=\"http:\/\/709mediaroom.files.wordpress.com\/2011\/04\/709mascortate.jpg\" alt=\"709 Media Room plus Cut yourself!\" width=\"600\" height=\"341\"><\/a><\/p>\n<p>The audiovisual producer <strong>Elena Ferr\u00e1ndiz Sanz<\/strong> has been awarded with <strong>a free place in one of our workshops<\/strong>, as part of a contest launched by <a title=\"Machine Site\" href=\"http:\/\/www.lamaquinadelacomunicacion.com\" target=\"_blank\" rel=\"noopener\">La m\u00e1quina de la comunicaci\u00f3n<\/a> and <a title=\"Cutting site\" href=\"http:\/\/www.thehouseoffilms.com\/es\/cortate.html\" target=\"_blank\" rel=\"noopener\">\u00a1C\u00f3rtate!<\/a> Now, Elena has until July 15 to choose the course she wants to sign up for free.<\/p>\n<p>From 709 Media Room and La m\u00e1quina de la comunicaci\u00f3n, <strong>we would like to congratulate Elena and wish her to enjoy the course she chooses<\/strong>.<\/p>\n<p>The contest took place last night, during \u00a1C\u00f3rtate! a short film premiere initiative at the Capitol Cinema, organized by filmmaker <strong>Ra\u00fal Cerezo<\/strong> and the distribution company <strong><a title=\"The House of Films Site\" href=\"http:\/\/www.thehouseoffilms.com\" target=\"_blank\" rel=\"noopener\">The House of Films<\/a><\/strong>.<\/p>\n<p>We witnessed the overwhelming success of the event, as more than 1,100 short film lovers gathered at the Capitol, completely filling the capacity of this emblematic Madrid cinema, located in the heart of Gran V\u00eda.<\/p>\n<p>So we send our most sincere <strong>congratulations to the organizers of \u00a1C\u00f3rtate!<\/strong> for their success and, above all, for further dignifying the short film genre.<\/p>\n","protected":false},"excerpt":{"rendered":"<p>The audiovisual producer Elena Ferr\u00e1ndiz Sanz has been awarded with a free place in one of our workshops, as part of a contest launched by La m\u00e1quina de la comunicaci\u00f3n and \u00a1C\u00f3rtate! Now, Elena has until July 15 to choose the course she wants to sign up for free. From 709 Media Room and La [&#8230;]\n","protected":false},"author":9376,"featured_media":0,"comment_status":"open","ping_status":"open","sticky":false,"template":"","format":"standard","meta":{"footnotes":""},"categories":[8686,6851],"tags":[6852,10176,7733,12761,12770,12771,12762,12772],"class_list":["post-58424","post","type-post","status-publish","format-standard","hentry","category-courses","category-news","tag-709-media-room-en","tag-contest","tag-courses","tag-cut","tag-elena-ferrandiz-en","tag-raul-cerezo-en","tag-the-communication-machine","tag-the-house-of-films-en"],"yoast_head":"<!-- This site is optimized with the Yoast SEO plugin v27.4 - https:\/\/yoast.com\/product\/yoast-seo-wordpress\/ -->\n<title>Elena Ferr\u00e1ndiz wins the raffle 709 Media Room + \u00a1C\u00f3rtate! - 709 Media Room<\/title>\n<meta name=\"robots\" content=\"index, follow, max-snippet:-1, max-image-preview:large, max-video-preview:-1\" \/>\n<link rel=\"canonical\" href=\"https:\/\/709mediaroom.com\/en\/elena-ferrandiz-wins-the-raffle-709-media-room-cortate\/\" \/>\n<meta property=\"og:locale\" content=\"en_US\" \/>\n<meta property=\"og:type\" content=\"article\" \/>\n<meta property=\"og:title\" content=\"Elena Ferr\u00e1ndiz wins the raffle 709 Media Room + \u00a1C\u00f3rtate! - 709 Media Room\" \/>\n<meta property=\"og:description\" content=\"The audiovisual producer Elena Ferr\u00e1ndiz Sanz has been awarded with a free place in one of our workshops, as part of a contest launched by La m\u00e1quina de la comunicaci\u00f3n and \u00a1C\u00f3rtate! Now, Elena has until July 15 to choose the course she wants to sign up for free. From 709 Media Room and La [...]\" \/>\n<meta property=\"og:url\" content=\"https:\/\/709mediaroom.com\/en\/elena-ferrandiz-wins-the-raffle-709-media-room-cortate\/\" \/>\n<meta property=\"og:site_name\" content=\"709 Media Room\" \/>\n<meta property=\"article:publisher\" content=\"https:\/\/www.facebook.com\/709mediaroom\" \/>\n<meta property=\"article:published_time\" content=\"2011-04-14T22:00:00+00:00\" \/>\n<meta property=\"article:modified_time\" content=\"2025-05-05T17:56:40+00:00\" \/>\n<meta property=\"og:image\" content=\"http:\/\/709mediaroom.files.wordpress.com\/2011\/04\/709mascortate.jpg\" \/>\n<meta name=\"author\" content=\"709 Media Room\" \/>\n<meta name=\"twitter:card\" content=\"summary_large_image\" \/>\n<meta name=\"twitter:creator\" content=\"@709MediaRoom\" \/>\n<meta name=\"twitter:site\" content=\"@709MediaRoom\" \/>\n<meta name=\"twitter:label1\" content=\"Written by\" \/>\n\t<meta name=\"twitter:data1\" content=\"709 Media Room\" \/>\n\t<meta name=\"twitter:label2\" content=\"Est. reading time\" \/>\n\t<meta name=\"twitter:data2\" content=\"1 minute\" \/>\n<script type=\"application\/ld+json\" class=\"yoast-schema-graph\">{\"@context\":\"https:\\\/\\\/schema.org\",\"@graph\":[{\"@type\":\"Article\",\"@id\":\"https:\\\/\\\/709mediaroom.com\\\/en\\\/elena-ferrandiz-wins-the-raffle-709-media-room-cortate\\\/#article\",\"isPartOf\":{\"@id\":\"https:\\\/\\\/709mediaroom.com\\\/en\\\/elena-ferrandiz-wins-the-raffle-709-media-room-cortate\\\/\"},\"author\":{\"name\":\"709 Media Room\",\"@id\":\"https:\\\/\\\/709mediaroom.com\\\/en\\\/#\\\/schema\\\/person\\\/c7a3e173e859769b48e2d1a7d1280a12\"},\"headline\":\"Elena Ferr\u00e1ndiz wins the raffle 709 Media Room + \u00a1C\u00f3rtate!\",\"datePublished\":\"2011-04-14T22:00:00+00:00\",\"dateModified\":\"2025-05-05T17:56:40+00:00\",\"mainEntityOfPage\":{\"@id\":\"https:\\\/\\\/709mediaroom.com\\\/en\\\/elena-ferrandiz-wins-the-raffle-709-media-room-cortate\\\/\"},\"wordCount\":181,\"commentCount\":0,\"image\":{\"@id\":\"https:\\\/\\\/709mediaroom.com\\\/en\\\/elena-ferrandiz-wins-the-raffle-709-media-room-cortate\\\/#primaryimage\"},\"thumbnailUrl\":\"http:\\\/\\\/709mediaroom.files.wordpress.com\\\/2011\\\/04\\\/709mascortate.jpg\",\"keywords\":[\"709 Media Room\",\"contest\",\"courses\",\"cut\",\"elena ferrandiz\",\"raul cerezo\",\"the communication machine\",\"the house of films\"],\"articleSection\":[\"Courses\",\"News\"],\"inLanguage\":\"en-US\",\"potentialAction\":[{\"@type\":\"CommentAction\",\"name\":\"Comment\",\"target\":[\"https:\\\/\\\/709mediaroom.com\\\/en\\\/elena-ferrandiz-wins-the-raffle-709-media-room-cortate\\\/#respond\"]}]},{\"@type\":\"WebPage\",\"@id\":\"https:\\\/\\\/709mediaroom.com\\\/en\\\/elena-ferrandiz-wins-the-raffle-709-media-room-cortate\\\/\",\"url\":\"https:\\\/\\\/709mediaroom.com\\\/en\\\/elena-ferrandiz-wins-the-raffle-709-media-room-cortate\\\/\",\"name\":\"Elena Ferr\u00e1ndiz wins the raffle 709 Media Room + \u00a1C\u00f3rtate! - 709 Media Room\",\"isPartOf\":{\"@id\":\"https:\\\/\\\/709mediaroom.com\\\/en\\\/#website\"},\"primaryImageOfPage\":{\"@id\":\"https:\\\/\\\/709mediaroom.com\\\/en\\\/elena-ferrandiz-wins-the-raffle-709-media-room-cortate\\\/#primaryimage\"},\"image\":{\"@id\":\"https:\\\/\\\/709mediaroom.com\\\/en\\\/elena-ferrandiz-wins-the-raffle-709-media-room-cortate\\\/#primaryimage\"},\"thumbnailUrl\":\"http:\\\/\\\/709mediaroom.files.wordpress.com\\\/2011\\\/04\\\/709mascortate.jpg\",\"datePublished\":\"2011-04-14T22:00:00+00:00\",\"dateModified\":\"2025-05-05T17:56:40+00:00\",\"author\":{\"@id\":\"https:\\\/\\\/709mediaroom.com\\\/en\\\/#\\\/schema\\\/person\\\/c7a3e173e859769b48e2d1a7d1280a12\"},\"breadcrumb\":{\"@id\":\"https:\\\/\\\/709mediaroom.com\\\/en\\\/elena-ferrandiz-wins-the-raffle-709-media-room-cortate\\\/#breadcrumb\"},\"inLanguage\":\"en-US\",\"potentialAction\":[{\"@type\":\"ReadAction\",\"target\":[\"https:\\\/\\\/709mediaroom.com\\\/en\\\/elena-ferrandiz-wins-the-raffle-709-media-room-cortate\\\/\"]}]},{\"@type\":\"ImageObject\",\"inLanguage\":\"en-US\",\"@id\":\"https:\\\/\\\/709mediaroom.com\\\/en\\\/elena-ferrandiz-wins-the-raffle-709-media-room-cortate\\\/#primaryimage\",\"url\":\"http:\\\/\\\/709mediaroom.files.wordpress.com\\\/2011\\\/04\\\/709mascortate.jpg\",\"contentUrl\":\"http:\\\/\\\/709mediaroom.files.wordpress.com\\\/2011\\\/04\\\/709mascortate.jpg\"},{\"@type\":\"BreadcrumbList\",\"@id\":\"https:\\\/\\\/709mediaroom.com\\\/en\\\/elena-ferrandiz-wins-the-raffle-709-media-room-cortate\\\/#breadcrumb\",\"itemListElement\":[{\"@type\":\"ListItem\",\"position\":1,\"name\":\"Portada\",\"item\":\"https:\\\/\\\/709mediaroom.com\\\/en\\\/\"},{\"@type\":\"ListItem\",\"position\":2,\"name\":\"Elena Ferr\u00e1ndiz wins the raffle 709 Media Room + \u00a1C\u00f3rtate!\"}]},{\"@type\":\"WebSite\",\"@id\":\"https:\\\/\\\/709mediaroom.com\\\/en\\\/#website\",\"url\":\"https:\\\/\\\/709mediaroom.com\\\/en\\\/\",\"name\":\"709 Media Room\",\"description\":\"Formaci\u00f3n Audiovisual Profesional\",\"potentialAction\":[{\"@type\":\"SearchAction\",\"target\":{\"@type\":\"EntryPoint\",\"urlTemplate\":\"https:\\\/\\\/709mediaroom.com\\\/en\\\/?s={search_term_string}\"},\"query-input\":{\"@type\":\"PropertyValueSpecification\",\"valueRequired\":true,\"valueName\":\"search_term_string\"}}],\"inLanguage\":\"en-US\"},{\"@type\":\"Person\",\"@id\":\"https:\\\/\\\/709mediaroom.com\\\/en\\\/#\\\/schema\\\/person\\\/c7a3e173e859769b48e2d1a7d1280a12\",\"name\":\"709 Media Room\",\"image\":{\"@type\":\"ImageObject\",\"inLanguage\":\"en-US\",\"@id\":\"https:\\\/\\\/secure.gravatar.com\\\/avatar\\\/23bf6f30932d90280bfaff76d8da648b39ef0a6904484490de953367d7c218c9?s=96&d=mm&r=g\",\"url\":\"https:\\\/\\\/secure.gravatar.com\\\/avatar\\\/23bf6f30932d90280bfaff76d8da648b39ef0a6904484490de953367d7c218c9?s=96&d=mm&r=g\",\"contentUrl\":\"https:\\\/\\\/secure.gravatar.com\\\/avatar\\\/23bf6f30932d90280bfaff76d8da648b39ef0a6904484490de953367d7c218c9?s=96&d=mm&r=g\",\"caption\":\"709 Media Room\"},\"description\":\"709 Media Room es un proyecto dedicado a la formaci\u00f3n audiovisual especializada de alto nivel en habla hispana. Impartimos cursos de c\u00e1maras de cine digital (Sony F65 o Arri Alexa XT entre otras), digital imaging technician (DIT), iluminaci\u00f3n especializada, \u00f3pticas de cine, SGO Mistika, etalonaje y correcci\u00f3n de color avanzados, dise\u00f1o de flujo de trabajo, DaVinci Resolve, creaci\u00f3n de DCP, calibraci\u00f3n de monitores y muchas otras materias, siendo pioneros en Espa\u00f1a en muchas de ellas.\",\"url\":\"https:\\\/\\\/709mediaroom.com\\\/en\\\/author\\\/lasaladeluis\\\/\"}]}<\/script>\n<!-- \/ Yoast SEO plugin. -->","yoast_head_json":{"title":"Elena Ferr\u00e1ndiz wins the raffle 709 Media Room + \u00a1C\u00f3rtate! - 709 Media Room","robots":{"index":"index","follow":"follow","max-snippet":"max-snippet:-1","max-image-preview":"max-image-preview:large","max-video-preview":"max-video-preview:-1"},"canonical":"https:\/\/709mediaroom.com\/en\/elena-ferrandiz-wins-the-raffle-709-media-room-cortate\/","og_locale":"en_US","og_type":"article","og_title":"Elena Ferr\u00e1ndiz wins the raffle 709 Media Room + \u00a1C\u00f3rtate! - 709 Media Room","og_description":"The audiovisual producer Elena Ferr\u00e1ndiz Sanz has been awarded with a free place in one of our workshops, as part of a contest launched by La m\u00e1quina de la comunicaci\u00f3n and \u00a1C\u00f3rtate! Now, Elena has until July 15 to choose the course she wants to sign up for free. From 709 Media Room and La [...]","og_url":"https:\/\/709mediaroom.com\/en\/elena-ferrandiz-wins-the-raffle-709-media-room-cortate\/","og_site_name":"709 Media Room","article_publisher":"https:\/\/www.facebook.com\/709mediaroom","article_published_time":"2011-04-14T22:00:00+00:00","article_modified_time":"2025-05-05T17:56:40+00:00","og_image":[{"url":"http:\/\/709mediaroom.files.wordpress.com\/2011\/04\/709mascortate.jpg","type":"","width":"","height":""}],"author":"709 Media Room","twitter_card":"summary_large_image","twitter_creator":"@709MediaRoom","twitter_site":"@709MediaRoom","twitter_misc":{"Written by":"709 Media Room","Est. reading time":"1 minute"},"schema":{"@context":"https:\/\/schema.org","@graph":[{"@type":"Article","@id":"https:\/\/709mediaroom.com\/en\/elena-ferrandiz-wins-the-raffle-709-media-room-cortate\/#article","isPartOf":{"@id":"https:\/\/709mediaroom.com\/en\/elena-ferrandiz-wins-the-raffle-709-media-room-cortate\/"},"author":{"name":"709 Media Room","@id":"https:\/\/709mediaroom.com\/en\/#\/schema\/person\/c7a3e173e859769b48e2d1a7d1280a12"},"headline":"Elena Ferr\u00e1ndiz wins the raffle 709 Media Room + \u00a1C\u00f3rtate!","datePublished":"2011-04-14T22:00:00+00:00","dateModified":"2025-05-05T17:56:40+00:00","mainEntityOfPage":{"@id":"https:\/\/709mediaroom.com\/en\/elena-ferrandiz-wins-the-raffle-709-media-room-cortate\/"},"wordCount":181,"commentCount":0,"image":{"@id":"https:\/\/709mediaroom.com\/en\/elena-ferrandiz-wins-the-raffle-709-media-room-cortate\/#primaryimage"},"thumbnailUrl":"http:\/\/709mediaroom.files.wordpress.com\/2011\/04\/709mascortate.jpg","keywords":["709 Media Room","contest","courses","cut","elena ferrandiz","raul cerezo","the communication machine","the house of films"],"articleSection":["Courses","News"],"inLanguage":"en-US","potentialAction":[{"@type":"CommentAction","name":"Comment","target":["https:\/\/709mediaroom.com\/en\/elena-ferrandiz-wins-the-raffle-709-media-room-cortate\/#respond"]}]},{"@type":"WebPage","@id":"https:\/\/709mediaroom.com\/en\/elena-ferrandiz-wins-the-raffle-709-media-room-cortate\/","url":"https:\/\/709mediaroom.com\/en\/elena-ferrandiz-wins-the-raffle-709-media-room-cortate\/","name":"Elena Ferr\u00e1ndiz wins the raffle 709 Media Room + \u00a1C\u00f3rtate! - 709 Media Room","isPartOf":{"@id":"https:\/\/709mediaroom.com\/en\/#website"},"primaryImageOfPage":{"@id":"https:\/\/709mediaroom.com\/en\/elena-ferrandiz-wins-the-raffle-709-media-room-cortate\/#primaryimage"},"image":{"@id":"https:\/\/709mediaroom.com\/en\/elena-ferrandiz-wins-the-raffle-709-media-room-cortate\/#primaryimage"},"thumbnailUrl":"http:\/\/709mediaroom.files.wordpress.com\/2011\/04\/709mascortate.jpg","datePublished":"2011-04-14T22:00:00+00:00","dateModified":"2025-05-05T17:56:40+00:00","author":{"@id":"https:\/\/709mediaroom.com\/en\/#\/schema\/person\/c7a3e173e859769b48e2d1a7d1280a12"},"breadcrumb":{"@id":"https:\/\/709mediaroom.com\/en\/elena-ferrandiz-wins-the-raffle-709-media-room-cortate\/#breadcrumb"},"inLanguage":"en-US","potentialAction":[{"@type":"ReadAction","target":["https:\/\/709mediaroom.com\/en\/elena-ferrandiz-wins-the-raffle-709-media-room-cortate\/"]}]},{"@type":"ImageObject","inLanguage":"en-US","@id":"https:\/\/709mediaroom.com\/en\/elena-ferrandiz-wins-the-raffle-709-media-room-cortate\/#primaryimage","url":"http:\/\/709mediaroom.files.wordpress.com\/2011\/04\/709mascortate.jpg","contentUrl":"http:\/\/709mediaroom.files.wordpress.com\/2011\/04\/709mascortate.jpg"},{"@type":"BreadcrumbList","@id":"https:\/\/709mediaroom.com\/en\/elena-ferrandiz-wins-the-raffle-709-media-room-cortate\/#breadcrumb","itemListElement":[{"@type":"ListItem","position":1,"name":"Portada","item":"https:\/\/709mediaroom.com\/en\/"},{"@type":"ListItem","position":2,"name":"Elena Ferr\u00e1ndiz wins the raffle 709 Media Room + \u00a1C\u00f3rtate!"}]},{"@type":"WebSite","@id":"https:\/\/709mediaroom.com\/en\/#website","url":"https:\/\/709mediaroom.com\/en\/","name":"709 Media Room","description":"Formaci\u00f3n Audiovisual Profesional","potentialAction":[{"@type":"SearchAction","target":{"@type":"EntryPoint","urlTemplate":"https:\/\/709mediaroom.com\/en\/?s={search_term_string}"},"query-input":{"@type":"PropertyValueSpecification","valueRequired":true,"valueName":"search_term_string"}}],"inLanguage":"en-US"},{"@type":"Person","@id":"https:\/\/709mediaroom.com\/en\/#\/schema\/person\/c7a3e173e859769b48e2d1a7d1280a12","name":"709 Media Room","image":{"@type":"ImageObject","inLanguage":"en-US","@id":"https:\/\/secure.gravatar.com\/avatar\/23bf6f30932d90280bfaff76d8da648b39ef0a6904484490de953367d7c218c9?s=96&d=mm&r=g","url":"https:\/\/secure.gravatar.com\/avatar\/23bf6f30932d90280bfaff76d8da648b39ef0a6904484490de953367d7c218c9?s=96&d=mm&r=g","contentUrl":"https:\/\/secure.gravatar.com\/avatar\/23bf6f30932d90280bfaff76d8da648b39ef0a6904484490de953367d7c218c9?s=96&d=mm&r=g","caption":"709 Media Room"},"description":"709 Media Room es un proyecto dedicado a la formaci\u00f3n audiovisual especializada de alto nivel en habla hispana. Impartimos cursos de c\u00e1maras de cine digital (Sony F65 o Arri Alexa XT entre otras), digital imaging technician (DIT), iluminaci\u00f3n especializada, \u00f3pticas de cine, SGO Mistika, etalonaje y correcci\u00f3n de color avanzados, dise\u00f1o de flujo de trabajo, DaVinci Resolve, creaci\u00f3n de DCP, calibraci\u00f3n de monitores y muchas otras materias, siendo pioneros en Espa\u00f1a en muchas de ellas.","url":"https:\/\/709mediaroom.com\/en\/author\/lasaladeluis\/"}]}},"_links":{"self":[{"href":"https:\/\/709mediaroom.com\/en\/wp-json\/wp\/v2\/posts\/58424","targetHints":{"allow":["GET"]}}],"collection":[{"href":"https:\/\/709mediaroom.com\/en\/wp-json\/wp\/v2\/posts"}],"about":[{"href":"https:\/\/709mediaroom.com\/en\/wp-json\/wp\/v2\/types\/post"}],"author":[{"embeddable":true,"href":"https:\/\/709mediaroom.com\/en\/wp-json\/wp\/v2\/users\/9376"}],"replies":[{"embeddable":true,"href":"https:\/\/709mediaroom.com\/en\/wp-json\/wp\/v2\/comments?post=58424"}],"version-history":[{"count":0,"href":"https:\/\/709mediaroom.com\/en\/wp-json\/wp\/v2\/posts\/58424\/revisions"}],"wp:attachment":[{"href":"https:\/\/709mediaroom.com\/en\/wp-json\/wp\/v2\/media?parent=58424"}],"wp:term":[{"taxonomy":"category","embeddable":true,"href":"https:\/\/709mediaroom.com\/en\/wp-json\/wp\/v2\/categories?post=58424"},{"taxonomy":"post_tag","embeddable":true,"href":"https:\/\/709mediaroom.com\/en\/wp-json\/wp\/v2\/tags?post=58424"}],"curies":[{"name":"wp","href":"https:\/\/api.w.org\/{rel}","templated":true}]}}